{"id":2472,"date":"2020-09-27T20:06:25","date_gmt":"2020-09-27T20:06:25","guid":{"rendered":"https:\/\/magiccarpets.at\/?p=2472"},"modified":"2020-09-27T20:06:25","modified_gmt":"2020-09-27T20:06:25","slug":"discourse","status":"publish","type":"post","link":"https:\/\/magiccarpets.at\/de\/aktivitaeten\/diskurs\/discourse","title":{"rendered":"Discourse"},"content":{"rendered":"<h3 class=\"p1\">\u201eUnser \u00f6ffentlicher Raum<span class=\"s1\">\u201c<\/span><\/h3>\n<h3 class=\"p1\">Diskussionplattform Kaisersch\u00fctzenplatz Innsbruck<\/h3>\n<p class=\"p1\">Im Rahmen des Wiltener Kultursommers wurden vom 3. bis 16. Juni 2019 M\u00f6glichkeiten der Aneignung, R\u00fcckeroberung und Belebung des \u00f6ffentlichen Raumes diskutiert.<span class=\"Apple-converted-space\">\u00a0 <\/span>Die Plattform wurde von openspace.innsbruck, Upcycling Studio und FABLAB Innsbruck.<\/p>\n<h4><\/h4>\n<h4 class=\"p1\">Programm:<\/h4>\n<h4 class=\"p1\">Mo 3.6. 18-20h: &#8222;Die politische Sicht&#8220;<\/h4>\n<p class=\"p1\">G\u00e4ste: Vize-B\u00fcrgermeisterin Christine Oppitz-Pl\u00f6rer und<br \/>\nStadtr\u00e4tin Uschi Schwarzl<\/p>\n<p class=\"p1\">Moderation: Ivona Jelcic<\/p>\n<p class=\"p1\">Beide Politikerinnen betonen den Wunsch der Stadt nach lebendigen Aktionen und es m\u00fcssen nicht immer die Genehmigungen dazu im Vordergrund stehen. Mut siegt.<\/p>\n<p>&nbsp;<\/p>\n<h4 class=\"p1\">Mi 5.6. 18-20h: &#8222;Die stadtplanerische Perspektive&#8220;<\/h4>\n<p class=\"p1\">G\u00e4ste: Stadtplaner Wolfgang Andexlinger u.a.<\/p>\n<p class=\"p1\">Da der Kaisersch\u00fctzenplatz in einem Gesamtkonzept Wilten gesehen werden muss und dieses erst in den n\u00e4chsten Jahren reifen wird, bietet der Platz Raum f\u00fcr Experimente.<\/p>\n<p>&nbsp;<\/p>\n<h4 class=\"p1\">Do 6.6. 18-20h: &#8222;Die k\u00fcnstlerische Perspektive&#8220;<\/h4>\n<p class=\"p1\">G\u00e4ste: Helene Schnitzer, Tom Medicus, David Prieth, Heidi Holleis, Magic Carpets Team u.a.<\/p>\n<p class=\"p1\">Helene unterstreicht die Wichtigkeit der offenen Wettbewerbe f\u00fcr Kunst und Kultur.<\/p>\n<p class=\"p1\">Nach der anregenden Diskussion zu seiner verk\u00fcrzten Arbeit am Landhausplatz m\u00f6chte Tom doch noch versuchen mit der Unterst\u00fctzung der Tiroler K\u00fcnstlerschaft einen Kommentar in die Presse zu bringen.<\/p>\n<h4><\/h4>\n<h4 class=\"p1\">Mo 10.6. 18-20h: &#8222;Die klangliche Perspektive&#8220;<\/h4>\n<p class=\"p1\">G\u00e4ste: Gemeinderat Mesut Onay und Musiker*innen<\/p>\n<p class=\"p1\">Die jetzige Situation in Innsbruck ist f\u00fcr Stra\u00dfenmusiker*innen unbefriedigend.<\/p>\n<p class=\"p1\">Daniel wird eine Erhebung der tats\u00e4chlichen Handhabung der Verordnung durch das Veranstaltungsamt und einen Vergleich mit anderen St\u00e4dten machen, die Ali`s Antrag im Gemeinderat unterst\u00fctzen soll.<\/p>\n<h4><\/h4>\n<h4 class=\"p1\">Di 11.6. 18-20h: &#8222;Die B\u00fcrgerbeteiligungs-Perspektive\u201d<\/h4>\n<p class=\"p1\">G\u00e4ste: Stadtteil-Manager Florence Fritz und Paul<br \/>\nKlumpner<\/p>\n<p class=\"p1\">Aus Sicht der Stadtteil-Manager w\u00e4re f\u00fcr jedes Stadtteilzentrum ein B\u00fcrgerbeirat als Unterst\u00fctzung w\u00fcnschenswert.<\/p>\n<h4><\/h4>\n<h4 class=\"p1\">Mi 12.6. 18-20h: &#8222;Die kindliche Perspektive&#8220;<\/h4>\n<p class=\"p1\">G\u00e4ste: Bilding-Obfrau Monika Abendstein<\/p>\n<p class=\"p1\">Kinder haben in Innsbruck keine Lobby und dadurch ist es besonders schwer ihre Interessen durchzusetzen.<\/p>\n<h4><\/h4>\n<h4 class=\"p1\">Do 13.6. 18-20h: &#8222;Die globale Perspektive&#8220;<\/h4>\n<p class=\"p1\">G\u00e4ste: Fridays For Future Innsbruck und Kulturvereine<\/p>\n<p class=\"p1\">Bei dem von Paul und Dhara organisierten Treffen mit den Fridays For Future Organisatoren wurden konkrete Aktionen und Ideen vorgeschlagen und diskutiert, die ihrer n\u00e4chste Gro\u00dfkundgebung am 27.September unterst\u00fctzen sollen.<\/p>\n<p class=\"p1\">Weitere Treffen folgen im Sommer.<\/p>\n<p class=\"p1\">Der Klimawandel ist eines der wichtigsten aktuellen Themen. Aktionen dagegen verdienen jede Unterst\u00fctzung .<\/p>\n<h4><\/h4>\n<h4 class=\"p1\">Fr 14.6. 18-20h: &#8222;Die sozial- und sicherheitspolitische Perspektive&#8220;<\/h4>\n<p class=\"p1\">G\u00e4ste: Stadtrat Franz X. Gruber<\/p>\n<p class=\"p1\">Die Idee ist entstanden dass nicht Alkoholverbotszonen, welche die Rechte aller B\u00fcrger*innen beschr\u00e4nken, sondern Alkoholisierungsverbote in bestimmten Zonen anzudenken sind.<\/p>\n<h4><\/h4>\n<h4 class=\"p1\">Sa 15.6. 18-20h: &#8222;Die jugendliche Prespektive\u201d<\/h4>\n<p class=\"p1\">G\u00e4ste: Jugendliche Tr\u00e4umer<\/p>\n<p class=\"p1\">Viele beherzte Einzelaktivit\u00e4ten k\u00f6nnten schlussendlich zu einem eigenen Raum f\u00fcr vielf\u00e4ltige Aktivit\u00e4ten der Jugend f\u00fchren.<\/p>\n<p class=\"p1\">Ein gro\u00dfes Dankesch\u00f6n an allen Beteiligten!<\/p>\n<p class=\"p1\">Konzept &amp; Durchf\u00fchrung:<\/p>\n<p class=\"p1\">Charly Walter mit Assistenz von Ophelia Grozeva<\/p>\n<p class=\"p1\">Video: Daniel Tratz<\/p>\n<p>&nbsp;<\/p>\n<p><iframe loading=\"lazy\" title=\"Expressionen: Unser o\u0308ffentlicher Raum Sommer 2019\" width=\"1080\" height=\"608\" src=\"https:\/\/www.youtube.com\/embed\/EFJHqEbC4Do?feature=oembed\" frameborder=\"0\" allow=\"accelerometer; autoplay; clipboard-write; encrypted-media; gyroscope; picture-in-picture\" allowfullscreen><\/iframe><\/p>\n<p>&nbsp;<\/p>\n<p>&nbsp;<\/p>\n<div class=\"et_pb_slider et_pb_slider_fullwidth_off et_pb_gallery_post_type\">\n\t\t\t\t<div class=\"et_pb_slides\">\n\t\t\t\t\t<div class=\"et_pb_slide\" style=\"background: url(https:\/\/magiccarpets.at\/wp-content\/uploads\/2020\/09\/MG_2455-18.jpg);\"><\/div><div class=\"et_pb_slide\" style=\"background: url(https:\/\/magiccarpets.at\/wp-content\/uploads\/2020\/09\/MG_2502-22.jpg);\"><\/div><div class=\"et_pb_slide\" style=\"background: url(https:\/\/magiccarpets.at\/wp-content\/uploads\/2020\/09\/MG_2523-25.jpg);\"><\/div><div class=\"et_pb_slide\" style=\"background: url(https:\/\/magiccarpets.at\/wp-content\/uploads\/2020\/09\/MG_2525-26.jpg);\"><\/div>\n\t\t\t\t<\/div>\n\t\t\t<\/div>\n","protected":false},"excerpt":{"rendered":"<p>\u201eUnser \u00f6ffentlicher Raum\u201c Diskussionplattform Kaisersch\u00fctzenplatz Innsbruck Im Rahmen des Wiltener Kultursommers wurden vom 3. bis 16. Juni 2019 M\u00f6glichkeiten der Aneignung, R\u00fcckeroberung und Belebung des \u00f6ffentlichen Raumes diskutiert.\u00a0 Die Plattform [&hellip;]<\/p>\n","protected":false},"author":3,"featured_media":1933,"comment_status":"open","ping_status":"open","sticky":false,"template":"","format":"standard","meta":{"_acf_changed":false,"_et_pb_use_builder":"","_et_pb_old_content":"","_et_gb_content_width":"","inline_featured_image":false,"footnotes":""},"categories":[46],"tags":[],"class_list":["post-2472","post","type-post","status-publish","format-standard","has-post-thumbnail","hentry","category-diskurs"],"acf":[],"_links":{"self":[{"href":"https:\/\/magiccarpets.at\/de\/wp-json\/wp\/v2\/posts\/2472","targetHints":{"allow":["GET"]}}],"collection":[{"href":"https:\/\/magiccarpets.at\/de\/wp-json\/wp\/v2\/posts"}],"about":[{"href":"https:\/\/magiccarpets.at\/de\/wp-json\/wp\/v2\/types\/post"}],"author":[{"embeddable":true,"href":"https:\/\/magiccarpets.at\/de\/wp-json\/wp\/v2\/users\/3"}],"replies":[{"embeddable":true,"href":"https:\/\/magiccarpets.at\/de\/wp-json\/wp\/v2\/comments?post=2472"}],"version-history":[{"count":0,"href":"https:\/\/magiccarpets.at\/de\/wp-json\/wp\/v2\/posts\/2472\/revisions"}],"wp:featuredmedia":[{"embeddable":true,"href":"https:\/\/magiccarpets.at\/de\/wp-json\/wp\/v2\/media\/1933"}],"wp:attachment":[{"href":"https:\/\/magiccarpets.at\/de\/wp-json\/wp\/v2\/media?parent=2472"}],"wp:term":[{"taxonomy":"category","embeddable":true,"href":"https:\/\/magiccarpets.at\/de\/wp-json\/wp\/v2\/categories?post=2472"},{"taxonomy":"post_tag","embeddable":true,"href":"https:\/\/magiccarpets.at\/de\/wp-json\/wp\/v2\/tags?post=2472"}],"curies":[{"name":"wp","href":"https:\/\/api.w.org\/{rel}","templated":true}]}}